{"id":1148,"date":"2026-03-04T13:16:14","date_gmt":"2026-03-04T13:16:14","guid":{"rendered":"https:\/\/impact-afrik.com\/?p=1148"},"modified":"2026-03-04T13:38:31","modified_gmt":"2026-03-04T13:38:31","slug":"elementor-1148","status":"publish","type":"post","link":"https:\/\/impact-afrik.com\/en\/elementor-1148\/","title":{"rendered":"Export S\u00e9n\u00e9gal 2026: overcoming obstacles to structure sustainable growth"},"content":{"rendered":"<div data-elementor-type=\"wp-post\" data-elementor-id=\"1148\" class=\"elementor elementor-1148\">\n\t\t\t\t<div class=\"elementor-element elementor-element-53d3a8f e-con-full e-flex e-con e-parent\" data-id=\"53d3a8f\" data-element_type=\"container\" data-e-type=\"container\">\n\t\t\t\t<div class=\"elementor-element elementor-element-515149f elementor-widget elementor-widget-heading\" data-id=\"515149f\" data-element_type=\"widget\" data-e-type=\"widget\" data-widget_type=\"heading.default\">\n\t\t\t\t\t<h2 class=\"elementor-heading-title elementor-size-default\">Export S\u00e9n\u00e9gal 2026 : d\u00e9passer ses freins \npour structurer une croissance durable<\/h2>\t\t\t\t<\/div>\n\t\t\t\t<div class=\"elementor-element elementor-element-629a487 elementor-widget elementor-widget-text-editor\" data-id=\"629a487\" data-element_type=\"widget\" data-e-type=\"widget\" data-widget_type=\"text-editor.default\">\n\t\t\t\t\t\t\t\t\t<p>En 2026, l\u2019export n\u2019est plus une option strat\u00e9gique pour les entreprises s\u00e9n\u00e9galaises ambitieuses. C\u2019est un levier de croissance, de r\u00e9silience et de mont\u00e9e en gamme. Le S\u00e9n\u00e9gal b\u00e9n\u00e9ficie d\u2019une position g\u00e9ographique strat\u00e9gique en Afrique de l\u2019Ouest, d\u2019infrastructures portuaires solides \u00e0 Dakar et d\u2019un environnement continental port\u00e9 par la zone de libre-\u00e9change continentale africaine (ZLECAf). Les opportunit\u00e9s d\u2019export vers l\u2019Afrique et l\u2019Europe sont r\u00e9elles, notamment dans l\u2019agroalimentaire transform\u00e9, les cosm\u00e9tiques naturels, le textile et les produits \u00e0 forte valeur culturelle. Pourtant, malgr\u00e9 ce contexte favorable, de nombreuses PME s\u00e9n\u00e9galaises h\u00e9sitent encore \u00e0 exporter. Le frein n\u2019est pas uniquement externe. Il est souvent interne, li\u00e9 \u00e0 la perception de la complexit\u00e9 et au manque d\u2019accompagnement.<\/p>\t\t\t\t\t\t\t\t<\/div>\n\t\t\t\t<div class=\"elementor-element elementor-element-e6a4f30 elementor-widget elementor-widget-heading\" data-id=\"e6a4f30\" data-element_type=\"widget\" data-e-type=\"widget\" data-widget_type=\"heading.default\">\n\t\t\t\t\t<h3 class=\"elementor-heading-title elementor-size-default\">Les freins \u00e0 l\u2019export des entreprises s\u00e9n\u00e9galaises<\/h3>\t\t\t\t<\/div>\n\t\t\t\t<div class=\"elementor-element elementor-element-6b53a35 elementor-widget elementor-widget-text-editor\" data-id=\"6b53a35\" data-element_type=\"widget\" data-e-type=\"widget\" data-widget_type=\"text-editor.default\">\n\t\t\t\t\t\t\t\t\t<p>Sur le terrain, les m\u00eames blocages reviennent r\u00e9guli\u00e8rement. La r\u00e9glementation europ\u00e9enne ou r\u00e9gionale est per\u00e7ue comme trop exigeante. L\u2019obligation d\u2019indiquer pr\u00e9cis\u00e9ment la composition des produits, de respecter les normes sanitaires, de se conformer aux exigences d\u2019\u00e9tiquetage ou de ma\u00eetriser les formalit\u00e9s douani\u00e8res cr\u00e9e une appr\u00e9hension forte. Cette crainte est compr\u00e9hensible, mais elle repose souvent sur un d\u00e9ficit d\u2019information claire et structur\u00e9e. La r\u00e9glementation n\u2019est pas un obstacle arbitraire : elle fixe des standards de qualit\u00e9 et de tra\u00e7abilit\u00e9. Le v\u00e9ritable probl\u00e8me r\u00e9side dans l\u2019absence d\u2019accompagnement pour comprendre et int\u00e9grer ces exigences. La logistique internationale constitue un autre point de blocage. Les notions de cha\u00eene d\u2019approvisionnement, de transport s\u00e9curis\u00e9, d\u2019assurance, de d\u00e9lais ma\u00eetris\u00e9s ou de tra\u00e7abilit\u00e9 sont encore mal appr\u00e9hend\u00e9es par certaines PME. L\u2019export est parfois imagin\u00e9 comme un processus opaque, risqu\u00e9 et r\u00e9serv\u00e9 aux grandes entreprises disposant de services sp\u00e9cialis\u00e9s.\u00a0<\/p><p>En 2026, ce n\u2019est plus le cas. Les outils existent. Les solutions se sont digitalis\u00e9es. Ce qui manque encore, c\u2019est la confiance et la structuration.<\/p>\t\t\t\t\t\t\t\t<\/div>\n\t\t\t\t<div class=\"elementor-element elementor-element-6f60852 elementor-widget elementor-widget-heading\" data-id=\"6f60852\" data-element_type=\"widget\" data-e-type=\"widget\" data-widget_type=\"heading.default\">\n\t\t\t\t\t<h3 class=\"elementor-heading-title elementor-size-default\">L\u2019enjeu strat\u00e9gique : professionnaliser sa cha\u00eene d\u2019approvisionnement \nS\u00e9n\u00e9gal \u2013 Europe<\/h3>\t\t\t\t<\/div>\n\t\t\t\t<div class=\"elementor-element elementor-element-e33a666 elementor-widget elementor-widget-text-editor\" data-id=\"e33a666\" data-element_type=\"widget\" data-e-type=\"widget\" data-widget_type=\"text-editor.default\">\n\t\t\t\t\t\t\t\t\t<p>Exporter ne signifie pas simplement exp\u00e9dier un produit vers l\u2019\u00e9tranger. C\u2019est structurer une cha\u00eene d\u2019approvisionnement coh\u00e9rente, conforme et comp\u00e9titive. Cela suppose de clarifier la composition des produits, d\u2019anticiper les exigences r\u00e9glementaires des march\u00e9s cibles, de s\u00e9curiser les flux logistiques et de ma\u00eetriser les co\u00fbts. Ce travail peut sembler contraignant \u00e0 court terme. En r\u00e9alit\u00e9, il renforce la maturit\u00e9 globale de l\u2019entreprise. Une PME qui se met en conformit\u00e9 pour l\u2019export am\u00e9liore \u00e9galement sa qualit\u00e9 interne, sa cr\u00e9dibilit\u00e9 et sa capacit\u00e9 \u00e0 r\u00e9pondre \u00e0 des march\u00e9s plus exigeants. Le corridor logistique S\u00e9n\u00e9gal \u2013 Europe est aujourd\u2019hui strat\u00e9gique. La demande europ\u00e9enne pour des produits africains tra\u00e7ables, authentiques et conformes aux standards internationaux reste soutenue. Dans le m\u00eame temps, le commerce intra-africain progresse et ouvre des perspectives r\u00e9gionales significatives. L\u2019export repr\u00e9sente donc une opportunit\u00e9 majeure pour les entreprises s\u00e9n\u00e9galaises en 2026 : diversification des revenus, acc\u00e8s \u00e0 des march\u00e9s plus vastes, valorisation du savoir-faire local et renforcement de la comp\u00e9titivit\u00e9. Mais cette opportunit\u00e9 ne peut \u00eatre saisie sans m\u00e9thode.<\/p>\t\t\t\t\t\t\t\t<\/div>\n\t\t\t\t<div class=\"elementor-element elementor-element-9ac3f62 elementor-widget elementor-widget-heading\" data-id=\"9ac3f62\" data-element_type=\"widget\" data-e-type=\"widget\" data-widget_type=\"heading.default\">\n\t\t\t\t\t<h3 class=\"elementor-heading-title elementor-size-default\">L\u2019accompagnement comme levier d\u00e9cisif : \nclarifier et s\u00e9curiser l\u2019export<\/h3>\t\t\t\t<\/div>\n\t\t\t\t<div class=\"elementor-element elementor-element-31ba687 elementor-widget elementor-widget-text-editor\" data-id=\"31ba687\" data-element_type=\"widget\" data-e-type=\"widget\" data-widget_type=\"text-editor.default\">\n\t\t\t\t\t\t\t\t\t<p>L\u2019un des \u00e9l\u00e9ments d\u00e9terminants pour r\u00e9ussir \u00e0 l\u2019export reste l\u2019accompagnement. Les entreprises qui se d\u00e9veloppent \u00e0 l\u2019international sont celles qui s\u2019entourent d\u2019acteurs capables de leur apporter de la clart\u00e9 sur les proc\u00e9dures, de la visibilit\u00e9 sur les co\u00fbts et une meilleure ma\u00eetrise de leur cha\u00eene d\u2019approvisionnement. C\u2019est pr\u00e9cis\u00e9ment dans cette logique que s\u2019inscrit Luuma Africa.<\/p>\t\t\t\t\t\t\t\t<\/div>\n\t\t\t\t<div class=\"elementor-element elementor-element-73d68a0 elementor-widget elementor-widget-heading\" data-id=\"73d68a0\" data-element_type=\"widget\" data-e-type=\"widget\" data-widget_type=\"heading.default\">\n\t\t\t\t\t<h3 class=\"elementor-heading-title elementor-size-default\">Zoom sur Luuma Africa : LA SUPPLY CHAIN DIGITAL DE L\u2019AFRIQUE<\/h3>\t\t\t\t<\/div>\n\t\t\t\t<div class=\"elementor-element elementor-element-f59cd55 elementor-widget elementor-widget-text-editor\" data-id=\"f59cd55\" data-element_type=\"widget\" data-e-type=\"widget\" data-widget_type=\"text-editor.default\">\n\t\t\t\t\t\t\t\t\t<p>Fond\u00e9e par Aminata Babou, la plateforme est n\u00e9e d\u2019un constat simple : trop d\u2019entreprises s\u00e9n\u00e9galaises renoncent \u00e0 exporter faute de transparence et de solutions logistiques adapt\u00e9es entre le S\u00e9n\u00e9gal et l\u2019Europe. Luuma Africa a choisi d\u2019utiliser le digital pour rendre la logistique transfrontali\u00e8re plus lisible. En centralisant l\u2019acc\u00e8s \u00e0 des transporteurs v\u00e9rifi\u00e9s, en offrant un suivi clair des envois et en apportant une meilleure transparence tarifaire, la plateforme r\u00e9duit l\u2019incertitude qui freine de nombreuses PME. L\u2019innovation r\u00e9side moins dans la technologie que dans la capacit\u00e9 \u00e0 simplifier un environnement per\u00e7u comme complexe. En clarifiant les cha\u00eenes d\u2019approvisionnement S\u00e9n\u00e9gal \u2013 Europe, Luuma Africa contribue \u00e0 transformer la peur r\u00e9glementaire et logistique en processus ma\u00eetris\u00e9.<\/p>\t\t\t\t\t\t\t\t<\/div>\n\t\t\t\t<div class=\"elementor-element elementor-element-8f624d5 elementor-widget elementor-widget-heading\" data-id=\"8f624d5\" data-element_type=\"widget\" data-e-type=\"widget\" data-widget_type=\"heading.default\">\n\t\t\t\t\t<h3 class=\"elementor-heading-title elementor-size-default\">Le 5 mars 2026 : Un rendez-vous pour les d\u00e9cideurs et porteurs de projets<\/h3>\t\t\t\t<\/div>\n\t\t\t\t<div class=\"elementor-element elementor-element-6f90261 elementor-widget elementor-widget-text-editor\" data-id=\"6f90261\" data-element_type=\"widget\" data-e-type=\"widget\" data-widget_type=\"text-editor.default\">\n\t\t\t\t\t\t\t\t\t<p>Pour approfondir ces enjeux li\u00e9s \u00e0 l\u2019export, \u00e0 la r\u00e9glementation et \u00e0 la structuration des cha\u00eenes d\u2019approvisionnement entre le S\u00e9n\u00e9gal et l\u2019Europe, un webinaire se tiendra le <strong>5 mars 2026<\/strong>, organis\u00e9 par<strong> Bpifrance<\/strong>, co-anim\u00e9 par <strong>Luuma Africa<\/strong> et la <strong>Chambre de Commerce de Dakar<\/strong>. Ce rendez-vous abordera concr\u00e8tement les d\u00e9fis r\u00e9glementaires, logistiques et strat\u00e9giques auxquels font face les PME souhaitant exporter.<\/p>\t\t\t\t\t\t\t\t<\/div>\n\t\t\t\t<div class=\"elementor-element elementor-element-1750436 elementor-align-center elementor-widget elementor-widget-button\" data-id=\"1750436\" data-element_type=\"widget\" data-e-type=\"widget\" data-widget_type=\"button.default\">\n\t\t\t\t\t\t\t\t\t\t<a class=\"elementor-button elementor-button-link elementor-size-sm\" href=\"https:\/\/forms.office.com\/pages\/responsepage.aspx?id=DQSIkWdsW0yxEjajBLZtrQAAAAAAAAAAAANAATDidqVUQUlZSkRGSTdRNEVSTldXRUxWWVE5UzA2My4u&#038;route=shorturl\" target=\"_blank\">\n\t\t\t\t\t\t<span class=\"elementor-button-content-wrapper\">\n\t\t\t\t\t\t\t\t\t<span class=\"elementor-button-text\">Je participe au webinaire<\/span>\n\t\t\t\t\t<\/span>\n\t\t\t\t\t<\/a>\n\t\t\t\t\t\t\t\t<\/div>\n\t\t\t\t<div class=\"elementor-element elementor-element-1eef855 elementor-widget elementor-widget-text-editor\" data-id=\"1eef855\" data-element_type=\"widget\" data-e-type=\"widget\" data-widget_type=\"text-editor.default\">\n\t\t\t\t\t\t\t\t\t<p>En 2026, exporter depuis le S\u00e9n\u00e9gal vers l\u2019Afrique et l\u2019Europe n\u2019est plus une ambition inaccessible. C\u2019est une strat\u00e9gie r\u00e9aliste pour les entreprises pr\u00eates \u00e0 se structurer, \u00e0 comprendre les r\u00e8gles du jeu et \u00e0 s\u2019entourer des bons partenaires. Le v\u00e9ritable changement ne d\u00e9pend pas uniquement des march\u00e9s. Il commence par la d\u00e9cision d\u2019organiser sa croissance.<\/p>\t\t\t\t\t\t\t\t<\/div>\n\t\t\t\t<\/div>\n\t\t<div class=\"elementor-element elementor-element-55a883a e-con-full e-flex e-con e-parent\" data-id=\"55a883a\" data-element_type=\"container\" data-e-type=\"container\">\n\t\t<div class=\"elementor-element elementor-element-0a5f640 e-con-full e-flex e-con e-child\" data-id=\"0a5f640\" data-element_type=\"container\" data-e-type=\"container\">\n\t\t\t\t<div class=\"elementor-element elementor-element-205716a elementor-widget elementor-widget-text-editor\" data-id=\"205716a\" data-element_type=\"widget\" data-e-type=\"widget\" data-widget_type=\"text-editor.default\">\n\t\t\t\t\t\t\t\t\t<p><strong>En savoir plus sur Luuma Africa<\/strong><\/p>\t\t\t\t\t\t\t\t<\/div>\n\t\t\t\t<div class=\"elementor-element elementor-element-8278a24 elementor-view-stacked elementor-shape-circle elementor-widget elementor-widget-icon\" data-id=\"8278a24\" data-element_type=\"widget\" data-e-type=\"widget\" data-widget_type=\"icon.default\">\n\t\t\t\t\t\t\t<div class=\"elementor-icon-wrapper\">\n\t\t\t<div class=\"elementor-icon\">\n\t\t\t<svg aria-hidden=\"true\" class=\"e-font-icon-svg e-far-arrow-alt-circle-down\" viewbox=\"0 0 512 512\" xmlns=\"http:\/\/www.w3.org\/2000\/svg\"><path d=\"M256 8C119 8 8 119 8 256s111 248 248 248 248-111 248-248S393 8 256 8zm0 448c-110.5 0-200-89.5-200-200S145.5 56 256 56s200 89.5 200 200-89.5 200-200 200zm-32-316v116h-67c-10.7 0-16 12.9-8.5 20.5l99 99c4.7 4.7 12.3 4.7 17 0l99-99c7.6-7.6 2.2-20.5-8.5-20.5h-67V140c0-6.6-5.4-12-12-12h-40c-6.6 0-12 5.4-12 12z\"><\/path><\/svg>\t\t\t<\/div>\n\t\t<\/div>\n\t\t\t\t\t\t<\/div>\n\t\t\t\t<\/div>\n\t\t\t\t<\/div>\n\t\t<div class=\"elementor-element elementor-element-e186674 e-con-full e-flex e-con e-parent\" data-id=\"e186674\" data-element_type=\"container\" data-e-type=\"container\">\n\t\t\t\t<div class=\"elementor-element elementor-element-970708b elementor-widget__width-initial elementor-widget elementor-widget-image\" data-id=\"970708b\" data-element_type=\"widget\" data-e-type=\"widget\" data-widget_type=\"image.default\">\n\t\t\t\t\t\t\t\t\t\t\t\t\t\t\t\t<a href=\"https:\/\/luuma-africa.com\/\">\n\t\t\t\t\t\t\t<img decoding=\"async\" width=\"79\" height=\"50\" src=\"https:\/\/impact-afrik.com\/wp-content\/uploads\/2026\/03\/logo_luuma.webp\" class=\"attachment-large size-large wp-image-1150\" alt=\"\" srcset=\"https:\/\/impact-afrik.com\/wp-content\/uploads\/2026\/03\/logo_luuma.webp 79w, https:\/\/impact-afrik.com\/wp-content\/uploads\/2026\/03\/logo_luuma-18x12.webp 18w\" sizes=\"(max-width: 767px) 89vw, (max-width: 1000px) 54vw, (max-width: 1071px) 543px, 580px\" \/>\t\t\t\t\t\t\t\t<\/a>\n\t\t\t\t\t\t\t\t\t\t\t\t\t\t\t<\/div>\n\t\t\t\t<\/div>\n\t\t\t\t<\/div>","protected":false},"excerpt":{"rendered":"<p>Export S\u00e9n\u00e9gal 2026 : d\u00e9passer ses freins pour structurer une croissance durable En 2026, l\u2019export n\u2019est plus une option strat\u00e9gique pour les entreprises s\u00e9n\u00e9galaises ambitieuses. C\u2019est un levier de croissance, de r\u00e9silience et de mont\u00e9e en gamme. Le S\u00e9n\u00e9gal b\u00e9n\u00e9ficie d\u2019une position g\u00e9ographique strat\u00e9gique en Afrique de l\u2019Ouest, d\u2019infrastructures portuaires solides \u00e0 Dakar et d\u2019un &hellip; <\/p>\n<p class=\"link-more\"><a href=\"https:\/\/impact-afrik.com\/en\/elementor-1148\/\" class=\"more-link\">Read more<span class=\"screen-reader-text\"> \u00ab\u00a0Export S\u00e9n\u00e9gal 2026 : d\u00e9passer ses freins  pour structurer une croissance durable\u00a0\u00bb<\/span><\/a><\/p>","protected":false},"author":1,"featured_media":1161,"comment_status":"open","ping_status":"open","sticky":false,"template":"","format":"standard","meta":{"footnotes":""},"categories":[1],"tags":[],"class_list":["post-1148","post","type-post","status-publish","format-standard","has-post-thumbnail","hentry","category-uncategorized"],"_links":{"self":[{"href":"https:\/\/impact-afrik.com\/en\/wp-json\/wp\/v2\/posts\/1148","targetHints":{"allow":["GET"]}}],"collection":[{"href":"https:\/\/impact-afrik.com\/en\/wp-json\/wp\/v2\/posts"}],"about":[{"href":"https:\/\/impact-afrik.com\/en\/wp-json\/wp\/v2\/types\/post"}],"author":[{"embeddable":true,"href":"https:\/\/impact-afrik.com\/en\/wp-json\/wp\/v2\/users\/1"}],"replies":[{"embeddable":true,"href":"https:\/\/impact-afrik.com\/en\/wp-json\/wp\/v2\/comments?post=1148"}],"version-history":[{"count":19,"href":"https:\/\/impact-afrik.com\/en\/wp-json\/wp\/v2\/posts\/1148\/revisions"}],"predecessor-version":[{"id":1170,"href":"https:\/\/impact-afrik.com\/en\/wp-json\/wp\/v2\/posts\/1148\/revisions\/1170"}],"wp:featuredmedia":[{"embeddable":true,"href":"https:\/\/impact-afrik.com\/en\/wp-json\/wp\/v2\/media\/1161"}],"wp:attachment":[{"href":"https:\/\/impact-afrik.com\/en\/wp-json\/wp\/v2\/media?parent=1148"}],"wp:term":[{"taxonomy":"category","embeddable":true,"href":"https:\/\/impact-afrik.com\/en\/wp-json\/wp\/v2\/categories?post=1148"},{"taxonomy":"post_tag","embeddable":true,"href":"https:\/\/impact-afrik.com\/en\/wp-json\/wp\/v2\/tags?post=1148"}],"curies":[{"name":"wp","href":"https:\/\/api.w.org\/{rel}","templated":true}]}}